{"id":11030,"date":"2023-09-29T16:55:21","date_gmt":"2023-09-29T14:55:21","guid":{"rendered":"https:\/\/tv.a11.cz\/?p=11030"},"modified":"2023-09-29T16:55:21","modified_gmt":"2023-09-29T14:55:21","slug":"budova-byvaleho-vystrojovaciho-strediska-hleda-sve-vyuziti","status":"publish","type":"post","link":"https:\/\/tv.a11.cz\/budova-byvaleho-vystrojovaciho-strediska-hleda-sve-vyuziti-11030\/","title":{"rendered":"Budova b\u00fdval\u00e9ho vystrojovac\u00edho st\u0159ediska hled\u00e1 sv\u00e9 vyu\u017eit\u00ed"},"content":{"rendered":"<p>V p\u0159\u00edzem\u00ed b\u00fdval\u00e9ho skladu se nach\u00e1z\u00ed n\u011bkolik m\u00edstnost\u00ed. V pat\u0159e jsou pak dva s\u00e1ly, kter\u00e9 p\u0159\u00edmo vyb\u00edz\u00ed ke kulturn\u00edmu nebo sportovn\u00edmu vyu\u017eit\u00ed. Mohly by to b\u00fdt nap\u0159\u00edklad tane\u010dn\u00ed s\u00e1ly nebo t\u011blocvi\u010dny. Z\u00e1jemci o tyto prostory mohou kontaktovat m\u011bsto a budovu si prohl\u00e9dnout.<\/p>\n<div class=\"code-block code-block-2\">\n<div id=\"Rectangle_650x400\">Dvoupodla\u017en\u00ed budova je ve velmi dobr\u00e9m stavu. Nen\u00ed v\u0161ak p\u0159ipojena do elektrick\u00e9 s\u00edt\u011b, na p\u0159\u00edvod vody ani ke kanalizaci. Do roka by ale tento probl\u00e9m m\u011bl b\u00fdt vy\u0159e\u0161en a budova by tak spl\u0148ovala v\u0161echny hygienick\u00e9 i provozn\u00ed normy.<\/div>\n<\/div>\n<p>Celkovou \u010d\u00e1stku rekonstrukce je\u0161t\u011b m\u011bsto nezn\u00e1. Nejd\u0159\u00edve se mus\u00ed jednotliv\u00e9 spolky a sportovn\u00ed kluby, kter\u00e9 se n\u011bjak\u00fdm zp\u016fsobem budou pod\u00edlet na n\u00e1jmu budovy, vyj\u00e1d\u0159it, o jak\u00e9 prostory by m\u011bly z\u00e1jem a jakou \u010dinnost by zde cht\u011bly provozovat.<\/p>\n","protected":false},"excerpt":{"rendered":"<p>M\u011bsto \u010cesk\u00fd Krumlov za\u010d\u00edn\u00e1 postupn\u011b revitalizovat are\u00e1l b\u00fdval\u00fdch kas\u00e1ren ve Vi\u0161n\u00e9m. Sto \u010dtrn\u00e1ct metr\u016f dlouh\u00e1 budova v\u00fdstrojn\u00edho skladu, kde se d\u0159\u00edve vyzbrojovali voj\u00e1ci na mise, nab\u00edz\u00ed mnoho mo\u017enost\u00ed vyu\u017eit\u00ed.<\/p>\n","protected":false},"author":4,"featured_media":11077,"comment_status":"closed","ping_status":"closed","sticky":false,"template":"","format":"standard","meta":{"_acf_changed":false,"footnotes":""},"categories":[17,157],"tags":[],"porad":[],"region":[52,80],"class_list":["post-11030","post","type-post","status-publish","format-standard","has-post-thumbnail","hentry","category-domaci","category-zpravy","region-jihocesky-kraj","region-krumlovsko"],"acf":[],"meta_box":{"odeslat":["nasregion"]},"_links":{"self":[{"href":"https:\/\/tv.a11.cz\/api\/wp\/v2\/posts\/11030","targetHints":{"allow":["GET"]}}],"collection":[{"href":"https:\/\/tv.a11.cz\/api\/wp\/v2\/posts"}],"about":[{"href":"https:\/\/tv.a11.cz\/api\/wp\/v2\/types\/post"}],"author":[{"embeddable":true,"href":"https:\/\/tv.a11.cz\/api\/wp\/v2\/users\/4"}],"replies":[{"embeddable":true,"href":"https:\/\/tv.a11.cz\/api\/wp\/v2\/comments?post=11030"}],"version-history":[{"count":2,"href":"https:\/\/tv.a11.cz\/api\/wp\/v2\/posts\/11030\/revisions"}],"predecessor-version":[{"id":11074,"href":"https:\/\/tv.a11.cz\/api\/wp\/v2\/posts\/11030\/revisions\/11074"}],"wp:featuredmedia":[{"embeddable":true,"href":"https:\/\/tv.a11.cz\/api\/wp\/v2\/media\/11077"}],"wp:attachment":[{"href":"https:\/\/tv.a11.cz\/api\/wp\/v2\/media?parent=11030"}],"wp:term":[{"taxonomy":"category","embeddable":true,"href":"https:\/\/tv.a11.cz\/api\/wp\/v2\/categories?post=11030"},{"taxonomy":"post_tag","embeddable":true,"href":"https:\/\/tv.a11.cz\/api\/wp\/v2\/tags?post=11030"},{"taxonomy":"porad","embeddable":true,"href":"https:\/\/tv.a11.cz\/api\/wp\/v2\/porad?post=11030"},{"taxonomy":"region","embeddable":true,"href":"https:\/\/tv.a11.cz\/api\/wp\/v2\/region?post=11030"}],"curies":[{"name":"wp","href":"https:\/\/api.w.org\/{rel}","templated":true}]}}