{"id":1098,"date":"2023-01-27T14:00:32","date_gmt":"2023-01-27T13:00:32","guid":{"rendered":"https:\/\/tv.a11.cz\/?p=1098"},"modified":"2023-03-30T09:11:18","modified_gmt":"2023-03-30T07:11:18","slug":"robert-vano-poslouchejte-sve-srdce-ani-rodice-ani-ucitele-pokud-nechcete-skoncit-jak-oni","status":"publish","type":"post","link":"https:\/\/tv.a11.cz\/robert-vano-poslouchejte-sve-srdce-ani-rodice-ani-ucitele-pokud-nechcete-skoncit-jak-oni-1098\/","title":{"rendered":"Nikdy nezapom\u00ednejte poslouchat sv\u00e9 srdce!"},"content":{"rendered":"<p>Robert se narodil po v\u00e1lce do ma\u010farsky mluv\u00edc\u00ed rodiny a na sv\u00e9 d\u011btstv\u00ed vzpom\u00edn\u00e1 velmi r\u00e1d, i kdy\u017e nem\u011bl oproti dne\u0161n\u00edm d\u011btem v\u016fbec nic.\u00a0 Jak\u00e1 vlastn\u011b byla doba jeho d\u011btstv\u00ed, kdy\u017e se je\u0161t\u011b po ve\u010derech dralo pe\u0159\u00ed? Na co vzpom\u00edn\u00e1 nejrad\u011bji? A jak vlastn\u011b vn\u00edmal rychl\u00e9 prom\u011bny tehdej\u0161\u00ed doby?<\/p>\n<p>Kdy\u017e mu bylo \u010dtrn\u00e1ct, dostal sv\u016fj prvn\u00ed fo\u0165\u00e1k, ale doba nebyla pro studium fotografie p\u0159\u00edzniv\u00e1. Elektrik\u00e1\u0159em b\u00fdt necht\u011bl a tak se rozhodl pro \u00fat\u011bk ze zem\u011b, kter\u00fd se mu z\u00e1zrakem povedl.\u00a0 Kdy\u017e se ohl\u00e9dne za touhle t\u011b\u017ekou dobou, u\u017e by to znovu neud\u011blal. Ale to asi jen proto, \u017ee v osmn\u00e1cti letech si \u010dlov\u011bk mysl\u00ed, \u017ee um\u00edraj\u00ed jen sta\u0159\u00ed lid\u00e9 a jemu proto nic nehroz\u00ed. Ale jak si m\u016f\u017eete poslechnout v na\u0161em videu, hrozilo. A hrozilo mu nebezpe\u010d\u00ed i d\u00e1l. T\u0159eba n\u00e1stup do v\u00e1lky ve Vietnamu. Do v\u00e1lky za zemi, jej\u00ed\u017e ani nebyl ob\u010danem. Jak se Vano d\u00edv\u00e1 na ob\u010danstv\u00ed, na to, nastoupit za vlast do v\u00e1lky, nasadit za ni sv\u016fj \u017eivot?<\/p>\n<p>V na\u0161em videu si poslechnete nejen to, ale i v\u0161e o pobyt\u011b v ute\u010deneck\u00e9m t\u00e1bo\u0159e ve Francii, jak se d\u00edky adopci dostal do Filadelfie a kdy vlastn\u011b za\u010dal s fotografov\u00e1n\u00edm.<\/p>\n<p>Naplno Roberta fotografie pohltila asi ve t\u0159iceti letech, kdy se vydal do Mil\u00e1na aby mohl fotografovat opravdu naplno. A tehdy to opravu za\u010dalo. Cestov\u00e1n\u00ed po sv\u011bt\u011b, fotografov\u00e1n\u00ed, pozn\u00e1v\u00e1n\u00ed nejen fotografie samotn\u00e9, ale i nov\u00fdch zem\u00ed a jazyk\u016f a zvyklost\u00ed. Poslechn\u011bte si v na\u0161em videu cel\u00e9 vypr\u00e1v\u011bn\u00ed o tom, jak to chod\u00ed ve sv\u011bt\u011b modelingu, \u010dasopis\u016f,\u00a0 p\u0159ehl\u00eddek. Ve sv\u011bt\u011b velk\u00e9 konkurence.<\/p>\n<p>Pro\u010d se Robert Vano rozhodl z\u016fstat v Praze? \u00a0Proto\u017ee Praha je zkr\u00e1tka n\u00e1dhern\u00e1. Jako zaklet\u00fd Disneyland. Jako kulisy. Pov\u00edd\u00e1n\u00ed Roberta Vana byste si nem\u011bli nechat uj\u00edt. Kdyby tehdy poslechl sv\u00e9ho t\u00e1tu, byl by elektrik\u00e1\u0159, kdyby poslechl sv\u00e9ho u\u010ditele, byl by hutn\u00edk. Robert Vano ale poslech sv\u00e9 srdce. Sv\u011bt fotografie mu za to d\u011bkuje.<\/p>\n","protected":false},"excerpt":{"rendered":"<p>Dnes se v\u00e1m v na\u0161em po\u0159adu p\u0159edstav\u00ed Robert Vano. Jeden z na\u0161ich nejzn\u00e1m\u011bj\u0161\u00edch a nejuzn\u00e1van\u011bj\u0161\u00edch fotograf\u016f, kter\u00e9ho zn\u00e1 nejen ka\u017ed\u00fd z oboru fotografie, ale i v\u0161ichni nad\u0161enci m\u00f3dy.<\/p>\n","protected":false},"author":4,"featured_media":1100,"comment_status":"closed","ping_status":"closed","sticky":false,"template":"","format":"standard","meta":{"_acf_changed":false,"footnotes":""},"categories":[174],"tags":[],"porad":[50],"region":[],"class_list":["post-1098","post","type-post","status-publish","format-standard","has-post-thumbnail","hentry","category-rozhovory","porad-ziji-mezi-nami"],"acf":[],"meta_box":{"odeslat":[]},"_links":{"self":[{"href":"https:\/\/tv.a11.cz\/api\/wp\/v2\/posts\/1098","targetHints":{"allow":["GET"]}}],"collection":[{"href":"https:\/\/tv.a11.cz\/api\/wp\/v2\/posts"}],"about":[{"href":"https:\/\/tv.a11.cz\/api\/wp\/v2\/types\/post"}],"author":[{"embeddable":true,"href":"https:\/\/tv.a11.cz\/api\/wp\/v2\/users\/4"}],"replies":[{"embeddable":true,"href":"https:\/\/tv.a11.cz\/api\/wp\/v2\/comments?post=1098"}],"version-history":[{"count":5,"href":"https:\/\/tv.a11.cz\/api\/wp\/v2\/posts\/1098\/revisions"}],"predecessor-version":[{"id":1447,"href":"https:\/\/tv.a11.cz\/api\/wp\/v2\/posts\/1098\/revisions\/1447"}],"wp:featuredmedia":[{"embeddable":true,"href":"https:\/\/tv.a11.cz\/api\/wp\/v2\/media\/1100"}],"wp:attachment":[{"href":"https:\/\/tv.a11.cz\/api\/wp\/v2\/media?parent=1098"}],"wp:term":[{"taxonomy":"category","embeddable":true,"href":"https:\/\/tv.a11.cz\/api\/wp\/v2\/categories?post=1098"},{"taxonomy":"post_tag","embeddable":true,"href":"https:\/\/tv.a11.cz\/api\/wp\/v2\/tags?post=1098"},{"taxonomy":"porad","embeddable":true,"href":"https:\/\/tv.a11.cz\/api\/wp\/v2\/porad?post=1098"},{"taxonomy":"region","embeddable":true,"href":"https:\/\/tv.a11.cz\/api\/wp\/v2\/region?post=1098"}],"curies":[{"name":"wp","href":"https:\/\/api.w.org\/{rel}","templated":true}]}}