{"id":1026,"date":"2023-02-13T10:18:49","date_gmt":"2023-02-13T09:18:49","guid":{"rendered":"https:\/\/tv.a11.cz\/?p=1026"},"modified":"2023-02-28T14:47:34","modified_gmt":"2023-02-28T13:47:34","slug":"valasske-mezirici-zavody-ve-sportovni-gymnastice-o-valassky-frgal","status":"publish","type":"post","link":"https:\/\/tv.a11.cz\/valasske-mezirici-zavody-ve-sportovni-gymnastice-o-valassky-frgal-1026\/","title":{"rendered":"Z\u00e1vody ve sportovn\u00ed gymnastice &#8220; O vala\u0161sk\u00fd frg\u00e1l&#8220;"},"content":{"rendered":"<p>V z\u00e1vod\u011b bojovala v\u00edce ne\u017e stovka z\u00e1vodnic z cel\u00e9 Moravy ve v\u011bku od p\u011bti do devaten\u00e1cti let o co nejlep\u0161\u00ed v\u00fdsledek ve \u010dty\u0159ech discipl\u00edn\u00e1ch na kladin\u011b a bradlech. Z\u00e1vody byly sou\u010d\u00e1st\u00ed seri\u00e1lu Moravsk\u00fd poh\u00e1r, kter\u00fd m\u00e1 celkem \u0161est z\u00e1vod\u016f.<\/p>\n<p>\u00da\u010dast v z\u00e1vodu O vala\u0161sk\u00fd frg\u00e1l byla velk\u00e1 a stejn\u011b jako ka\u017ed\u00fd rok, tak i letos si z\u00e1vodnice chv\u00e1lili skv\u011blou organizaci a v\u0161echny po\u0159adatele.<\/p>\n<p>Sportovn\u00ed gymnastika m\u00e1 ve Vala\u0161sk\u00e9 Mezi\u0159\u00ed\u010d\u00ed dlouholetou tradici. Odd\u00edl sportovn\u00ed gymnastiky je sou\u010d\u00e1st\u00ed t\u011blov\u00fdchovn\u00e9 jednoty Vala\u0161sk\u00e9 Mezi\u0159\u00ed\u010d\u00ed. V sou\u010dasn\u00e9 dob\u011b m\u00e1 61 z\u00e1vodnic, kter\u00e9 z\u00e1vod\u00ed ve t\u0159ech kategori\u00edch.<\/p>\n<p>Ji\u017e v b\u0159eznu \u010dek\u00e1 na mlad\u00e9 gymnastky dal\u0161\u00ed z\u00e1vod, a to Memorial Milo\u0161e Bortla.<\/p>\n","protected":false},"excerpt":{"rendered":"<p>Slavnostn\u00edm n\u00e1stupem zah\u00e1jily v sobotu 4. \u00fanora sportovn\u00ed gymnastky druh\u00fd ro\u010dn\u00edk z\u00e1vodu o vala\u0161sk\u00fd Frg\u00e1l v mezi\u0159\u00ed\u010dsk\u00e9 t\u011blocvi\u010dn\u011b Integrovan\u00e9 st\u0159edn\u00ed \u0161koly <\/p>\n","protected":false},"author":4,"featured_media":1035,"comment_status":"closed","ping_status":"closed","sticky":false,"template":"","format":"standard","meta":{"_acf_changed":false,"footnotes":""},"categories":[17,28],"tags":[],"porad":[],"region":[86,64],"class_list":["post-1026","post","type-post","status-publish","format-standard","has-post-thumbnail","hentry","category-domaci","category-sport","region-vsetinsko","region-zlinsky-kraj"],"acf":[],"meta_box":{"odeslat":[]},"_links":{"self":[{"href":"https:\/\/tv.a11.cz\/api\/wp\/v2\/posts\/1026","targetHints":{"allow":["GET"]}}],"collection":[{"href":"https:\/\/tv.a11.cz\/api\/wp\/v2\/posts"}],"about":[{"href":"https:\/\/tv.a11.cz\/api\/wp\/v2\/types\/post"}],"author":[{"embeddable":true,"href":"https:\/\/tv.a11.cz\/api\/wp\/v2\/users\/4"}],"replies":[{"embeddable":true,"href":"https:\/\/tv.a11.cz\/api\/wp\/v2\/comments?post=1026"}],"version-history":[{"count":3,"href":"https:\/\/tv.a11.cz\/api\/wp\/v2\/posts\/1026\/revisions"}],"predecessor-version":[{"id":1030,"href":"https:\/\/tv.a11.cz\/api\/wp\/v2\/posts\/1026\/revisions\/1030"}],"wp:featuredmedia":[{"embeddable":true,"href":"https:\/\/tv.a11.cz\/api\/wp\/v2\/media\/1035"}],"wp:attachment":[{"href":"https:\/\/tv.a11.cz\/api\/wp\/v2\/media?parent=1026"}],"wp:term":[{"taxonomy":"category","embeddable":true,"href":"https:\/\/tv.a11.cz\/api\/wp\/v2\/categories?post=1026"},{"taxonomy":"post_tag","embeddable":true,"href":"https:\/\/tv.a11.cz\/api\/wp\/v2\/tags?post=1026"},{"taxonomy":"porad","embeddable":true,"href":"https:\/\/tv.a11.cz\/api\/wp\/v2\/porad?post=1026"},{"taxonomy":"region","embeddable":true,"href":"https:\/\/tv.a11.cz\/api\/wp\/v2\/region?post=1026"}],"curies":[{"name":"wp","href":"https:\/\/api.w.org\/{rel}","templated":true}]}}