{"id":1020,"date":"2023-02-13T10:10:57","date_gmt":"2023-02-13T09:10:57","guid":{"rendered":"https:\/\/tv.a11.cz\/?p=1020"},"modified":"2023-03-09T15:59:45","modified_gmt":"2023-03-09T14:59:45","slug":"valasske-mezirici-pozvanka-na-vystavu-jana-nepomuka-polaska","status":"publish","type":"post","link":"https:\/\/tv.a11.cz\/valasske-mezirici-pozvanka-na-vystavu-jana-nepomuka-polaska-1020\/","title":{"rendered":"Pozv\u00e1nka na v\u00fdstavu Jana Nepomuka Pol\u00e1\u0161ka"},"content":{"rendered":"<p>\u017divot v\u00fdjime\u010dn\u00e9ho pedagoga a hudebn\u00edho skladatele oslavuje a jeho d\u00edlo dokumentuje v\u00fdstava, kterou prezentuje muzeum region Vala\u0161sko v z\u00e1mku Kinsk\u00fdch ve Vala\u0161sk\u00e9m Mezi\u0159\u00ed\u010d\u00ed. Kur\u00e1torka p\u0159ipravila poutav\u011b zpracovanou expozici, kterou si m\u016f\u017eete prohl\u00e9dnout do ned\u011ble 28. kv\u011btna.<\/p>\n","protected":false},"excerpt":{"rendered":"<p>V leto\u0161n\u00edm roce oslav\u00edme sto pades\u00e1t\u00e9 v\u00fdro\u010d\u00ed narozen\u00ed sb\u011bratele lidov\u00fdch p\u00edsn\u00ed Jana Nepomuka Pol\u00e1\u0161ka. <\/p>\n","protected":false},"author":4,"featured_media":1022,"comment_status":"closed","ping_status":"closed","sticky":false,"template":"","format":"standard","meta":{"_acf_changed":false,"footnotes":""},"categories":[17,171],"tags":[],"porad":[],"region":[86,64],"class_list":["post-1020","post","type-post","status-publish","format-standard","has-post-thumbnail","hentry","category-domaci","category-umeni","region-vsetinsko","region-zlinsky-kraj"],"acf":[],"meta_box":{"odeslat":[]},"_links":{"self":[{"href":"https:\/\/tv.a11.cz\/api\/wp\/v2\/posts\/1020","targetHints":{"allow":["GET"]}}],"collection":[{"href":"https:\/\/tv.a11.cz\/api\/wp\/v2\/posts"}],"about":[{"href":"https:\/\/tv.a11.cz\/api\/wp\/v2\/types\/post"}],"author":[{"embeddable":true,"href":"https:\/\/tv.a11.cz\/api\/wp\/v2\/users\/4"}],"replies":[{"embeddable":true,"href":"https:\/\/tv.a11.cz\/api\/wp\/v2\/comments?post=1020"}],"version-history":[{"count":2,"href":"https:\/\/tv.a11.cz\/api\/wp\/v2\/posts\/1020\/revisions"}],"predecessor-version":[{"id":1023,"href":"https:\/\/tv.a11.cz\/api\/wp\/v2\/posts\/1020\/revisions\/1023"}],"wp:featuredmedia":[{"embeddable":true,"href":"https:\/\/tv.a11.cz\/api\/wp\/v2\/media\/1022"}],"wp:attachment":[{"href":"https:\/\/tv.a11.cz\/api\/wp\/v2\/media?parent=1020"}],"wp:term":[{"taxonomy":"category","embeddable":true,"href":"https:\/\/tv.a11.cz\/api\/wp\/v2\/categories?post=1020"},{"taxonomy":"post_tag","embeddable":true,"href":"https:\/\/tv.a11.cz\/api\/wp\/v2\/tags?post=1020"},{"taxonomy":"porad","embeddable":true,"href":"https:\/\/tv.a11.cz\/api\/wp\/v2\/porad?post=1020"},{"taxonomy":"region","embeddable":true,"href":"https:\/\/tv.a11.cz\/api\/wp\/v2\/region?post=1020"}],"curies":[{"name":"wp","href":"https:\/\/api.w.org\/{rel}","templated":true}]}}