{"id":10180,"date":"2023-09-13T18:42:02","date_gmt":"2023-09-13T16:42:02","guid":{"rendered":"https:\/\/tv.a11.cz\/?p=10180"},"modified":"2023-09-13T18:42:02","modified_gmt":"2023-09-13T16:42:02","slug":"rekordni-zajem-o-znacku-regionalni-potravina","status":"publish","type":"post","link":"https:\/\/tv.a11.cz\/rekordni-zajem-o-znacku-regionalni-potravina-10180\/","title":{"rendered":"O zna\u010dku Region\u00e1ln\u00ed potravina je rekordn\u00ed z\u00e1jem"},"content":{"rendered":"<div class=\"entry-content\">\n<p>V r\u00e1mci leto\u0161n\u00edch Do\u017e\u00ednek na Letn\u00e9 byli tradi\u010dn\u011b vyhl\u00e1\u0161eni nov\u00ed dr\u017eitel\u00e9 zna\u010dky Region\u00e1ln\u00ed potravina ze St\u0159edo\u010desk\u00e9ho kraje. Ti se tak p\u0159ipojili k dal\u0161\u00edm zna\u010dk\u00e1m, kter\u00e9 mohou toto ozna\u010den\u00ed hrd\u011b pou\u017e\u00edvat.<\/p>\n<div class=\"code-block code-block-2\">\n<div id=\"Rectangle_650x400\">S podporou lok\u00e1ln\u00edch v\u00fdrobc\u016f a dr\u017eitel\u016f zna\u010dky Region\u00e1ln\u00ed potravina chce St\u00e1tn\u00ed zem\u011bd\u011blsk\u00fd a interven\u010dn\u00ed fond j\u00edt je\u0161t\u011b d\u00e1l. V nejbli\u017e\u0161\u00ed dob\u011b pl\u00e1nuje otev\u0159en\u00ed nov\u00e9 prodejny, prim\u00e1rn\u011b zam\u011b\u0159en\u00e9 na region\u00e1ln\u00ed potraviny a biopotraviny, sekund\u00e1rn\u011b i na zna\u010dku Klasa. O z\u00edsk\u00e1n\u00ed zna\u010dky Region\u00e1ln\u00ed potravina je mezi farm\u00e1\u0159i a potravin\u00e1\u0159i v \u010cesku pom\u011brn\u011b velk\u00fd z\u00e1jem, co\u017e potvrzuj\u00ed i nov\u011b z\u00edskan\u00e1 \u010d\u00edsla.<\/div>\n<\/div>\n<p>Do\u017e\u00ednky na Letn\u00e9 jsou jen jednou z akc\u00ed, kter\u00e9 ministerstvo na podporu farm\u00e1\u0159\u016f a v\u00fdrobc\u016f potravin ve spolupr\u00e1ci se St\u00e1tn\u00edm zem\u011bd\u011blsk\u00fdm a interven\u010dn\u00edm fondem po\u0159\u00e1d\u00e1. Dopl\u0148uje je nap\u0159\u00edklad \u010deskobud\u011bjovick\u00e1 Zem\u011b \u017eivitelka \u010di dal\u0161\u00ed akce v regionech.<\/p>\n<\/div>\n","protected":false},"excerpt":{"rendered":"<p>P\u00e1t\u00fd ro\u010dn\u00edk akce Do\u017e\u00ednky na Letn\u00e9 po\u0159\u00e1dalo Ministerstvo zem\u011bd\u011blstv\u00ed spole\u010dn\u011b se St\u00e1tn\u00edm zem\u011bd\u011blsk\u00fdm a interven\u010dn\u00edm fondem. C\u00edlem obou t\u011bchto instituc\u00ed je i t\u00edmto zp\u016fsobem podpo\u0159it \u010desk\u00e9 farm\u00e1\u0159e a producenty potravin.<\/p>\n","protected":false},"author":4,"featured_media":10315,"comment_status":"closed","ping_status":"closed","sticky":false,"template":"","format":"standard","meta":{"_acf_changed":false,"footnotes":""},"categories":[17,157],"tags":[],"porad":[],"region":[51,146],"class_list":["post-10180","post","type-post","status-publish","format-standard","has-post-thumbnail","hentry","category-domaci","category-zpravy","region-praha","region-praha-7"],"acf":[],"meta_box":{"odeslat":["nasregion"]},"_links":{"self":[{"href":"https:\/\/tv.a11.cz\/api\/wp\/v2\/posts\/10180","targetHints":{"allow":["GET"]}}],"collection":[{"href":"https:\/\/tv.a11.cz\/api\/wp\/v2\/posts"}],"about":[{"href":"https:\/\/tv.a11.cz\/api\/wp\/v2\/types\/post"}],"author":[{"embeddable":true,"href":"https:\/\/tv.a11.cz\/api\/wp\/v2\/users\/4"}],"replies":[{"embeddable":true,"href":"https:\/\/tv.a11.cz\/api\/wp\/v2\/comments?post=10180"}],"version-history":[{"count":2,"href":"https:\/\/tv.a11.cz\/api\/wp\/v2\/posts\/10180\/revisions"}],"predecessor-version":[{"id":10314,"href":"https:\/\/tv.a11.cz\/api\/wp\/v2\/posts\/10180\/revisions\/10314"}],"wp:featuredmedia":[{"embeddable":true,"href":"https:\/\/tv.a11.cz\/api\/wp\/v2\/media\/10315"}],"wp:attachment":[{"href":"https:\/\/tv.a11.cz\/api\/wp\/v2\/media?parent=10180"}],"wp:term":[{"taxonomy":"category","embeddable":true,"href":"https:\/\/tv.a11.cz\/api\/wp\/v2\/categories?post=10180"},{"taxonomy":"post_tag","embeddable":true,"href":"https:\/\/tv.a11.cz\/api\/wp\/v2\/tags?post=10180"},{"taxonomy":"porad","embeddable":true,"href":"https:\/\/tv.a11.cz\/api\/wp\/v2\/porad?post=10180"},{"taxonomy":"region","embeddable":true,"href":"https:\/\/tv.a11.cz\/api\/wp\/v2\/region?post=10180"}],"curies":[{"name":"wp","href":"https:\/\/api.w.org\/{rel}","templated":true}]}}