{"id":1013,"date":"2023-02-12T10:00:20","date_gmt":"2023-02-12T09:00:20","guid":{"rendered":"https:\/\/tv.a11.cz\/?p=1013"},"modified":"2023-02-14T10:08:21","modified_gmt":"2023-02-14T09:08:21","slug":"vsetin-vrcharska-koruna-valasska-ma-za-sebou-deset-let","status":"publish","type":"post","link":"https:\/\/tv.a11.cz\/vsetin-vrcharska-koruna-valasska-ma-za-sebou-deset-let-1013\/","title":{"rendered":"Vrcha\u0159sk\u00e1 koruna Vala\u0161ska m\u00e1 za sebou deset let"},"content":{"rendered":"<p>V roce 2022 se v\u00fdzva jela u\u017e podes\u00e1t\u00e9 v \u0159ad\u011b a z\u00fa\u010dastnilo se j\u00ed na osm stovek biker\u016f. V zad\u00e1n\u00ed v\u00fdzvy je zdolat p\u0159edepsan\u00e9 kopce a vrcholy Vala\u0161ska a na d\u016fkaz se tam vyfotit. Vrchol\u016f je celkem dvacet.<br \/>\nPr\u00e1v\u011b skon\u010den\u00fd ro\u010dn\u00edk byl jubilejn\u00ed des\u00e1t\u00fd. Proto m\u011bl ur\u010den\u00fd extra dvac\u00e1t\u00fd prvn\u00ed vrchol, Lysou horu. Speci\u00e1ln\u011b vybran\u00fd nejvy\u0161\u0161\u00ed bod, jako nev\u011bt\u0161\u00ed v\u00fdzvu regionu.<\/p>\n<p>Vrcha\u0159skou korunu Vala\u0161ska absolvuj\u00ed \u00fa\u010dastn\u00edci podle sv\u00fdch \u010dasov\u00fdch mo\u017enost\u00ed a schopnost\u00ed. Zdolan\u00e9 vrcholy a fotografie ka\u017ed\u00fd ukl\u00e1d\u00e1 na sv\u016fj registrovan\u00fd profil. Vyhla\u0161ov\u00e1n\u00ed jsou pak takzvan\u00ed dr\u017eitel\u00e9 v\u00fdzvy v hlavn\u00ed kategorii pro v\u0161echny dosp\u011bl\u00e9, v kategorii junior a t\u0159et\u00ed vyhla\u0161ovanou je kategorie bezbari\u00e9r.<\/p>\n<p>Sou\u010d\u00e1st\u00ed leto\u0161n\u00edho ro\u010dn\u00edku byla i charitativn\u00ed sb\u00edrka v\u011bnovan\u00e1 n\u011bkdej\u0161\u00ed \u010dty\u0159n\u00e1sobn\u00e9 \u00fa\u010dastn\u00edci Jan\u011b Mac\u00ed\u010dkov\u00e9. Jana m\u011bla bohu\u017eel p\u0159i jednom cyklistick\u00e9m v\u00fdletu v\u00e1\u017en\u00fd \u00faraz a na velkou \u010d\u00e1st t\u011bla ochrnula.<\/p>\n<p>Dal\u0161\u00ed ro\u010dn\u00edk vrcha\u0159sk\u00e9 koruny Vala\u0161ska v po\u0159ad\u00ed jeden\u00e1ct\u00fd odstartuje 1.\u00a0dubna 2023. Jednotliv\u00e9 c\u00edle a vrcholy za\u010dnou po\u0159adatel\u00e9 zve\u0159ej\u0148ovat od 1.\u00a0b\u0159ezna.<\/p>\n","protected":false},"excerpt":{"rendered":"<p>V sobotu 4. \u00fanora pat\u0159il velk\u00fd s\u00e1l vset\u00ednsk\u00e9ho domu kultury vyznava\u010d\u016fm j\u00edzdy na kole na vyhl\u00e1\u0161en\u00ed v\u00fdsledk\u016f Vrcha\u0159sk\u00e9 v\u00fdzvy. <\/p>\n","protected":false},"author":4,"featured_media":1018,"comment_status":"closed","ping_status":"closed","sticky":false,"template":"","format":"standard","meta":{"_acf_changed":false,"footnotes":""},"categories":[17,28],"tags":[],"porad":[],"region":[86,64],"class_list":["post-1013","post","type-post","status-publish","format-standard","has-post-thumbnail","hentry","category-domaci","category-sport","region-vsetinsko","region-zlinsky-kraj"],"acf":[],"meta_box":{"odeslat":[]},"_links":{"self":[{"href":"https:\/\/tv.a11.cz\/api\/wp\/v2\/posts\/1013","targetHints":{"allow":["GET"]}}],"collection":[{"href":"https:\/\/tv.a11.cz\/api\/wp\/v2\/posts"}],"about":[{"href":"https:\/\/tv.a11.cz\/api\/wp\/v2\/types\/post"}],"author":[{"embeddable":true,"href":"https:\/\/tv.a11.cz\/api\/wp\/v2\/users\/4"}],"replies":[{"embeddable":true,"href":"https:\/\/tv.a11.cz\/api\/wp\/v2\/comments?post=1013"}],"version-history":[{"count":3,"href":"https:\/\/tv.a11.cz\/api\/wp\/v2\/posts\/1013\/revisions"}],"predecessor-version":[{"id":1017,"href":"https:\/\/tv.a11.cz\/api\/wp\/v2\/posts\/1013\/revisions\/1017"}],"wp:featuredmedia":[{"embeddable":true,"href":"https:\/\/tv.a11.cz\/api\/wp\/v2\/media\/1018"}],"wp:attachment":[{"href":"https:\/\/tv.a11.cz\/api\/wp\/v2\/media?parent=1013"}],"wp:term":[{"taxonomy":"category","embeddable":true,"href":"https:\/\/tv.a11.cz\/api\/wp\/v2\/categories?post=1013"},{"taxonomy":"post_tag","embeddable":true,"href":"https:\/\/tv.a11.cz\/api\/wp\/v2\/tags?post=1013"},{"taxonomy":"porad","embeddable":true,"href":"https:\/\/tv.a11.cz\/api\/wp\/v2\/porad?post=1013"},{"taxonomy":"region","embeddable":true,"href":"https:\/\/tv.a11.cz\/api\/wp\/v2\/region?post=1013"}],"curies":[{"name":"wp","href":"https:\/\/api.w.org\/{rel}","templated":true}]}}