{"id":10052,"date":"2023-09-12T08:22:42","date_gmt":"2023-09-12T06:22:42","guid":{"rendered":"https:\/\/tv.a11.cz\/?p=10052"},"modified":"2023-09-12T08:22:42","modified_gmt":"2023-09-12T06:22:42","slug":"na-jizni-morave-je-prumerna-mzda-temer-42-tisic","status":"publish","type":"post","link":"https:\/\/tv.a11.cz\/na-jizni-morave-je-prumerna-mzda-temer-42-tisic-10052\/","title":{"rendered":"Na ji\u017en\u00ed Morav\u011b je pr\u016fm\u011brn\u00e1 mzda t\u00e9m\u011b\u0159 42 tis\u00edc"},"content":{"rendered":"<p>Pr\u016fm\u011brn\u00e1 hrub\u00e1 m\u011bs\u00ed\u010dn\u00ed nomin\u00e1ln\u00ed mzda, tedy ta skute\u010dn\u011b vyplacen\u00e1, podle p\u0159edb\u011b\u017en\u00fdch v\u00fdsledk\u016f dos\u00e1hla v Jihomoravsk\u00e9m kraji ve 2. \u010dtvrtlet\u00ed 2023 \u010d\u00e1stky 41 912 korun a oproti stejn\u00e9mu \u00fadob\u00ed roku 2022 vzrostla o 3018 korun, co\u017e je o necel\u00fdch 8 procent. \u0158ad\u00ed se tak na t\u0159et\u00ed m\u00edsto po Praze a St\u0159edo\u010desk\u00e9m kraji.<\/p>\n<p>Nicm\u00e9n\u011b vzhledem inflaci, kter\u00e1 byla ve 2. \u010dtvrtlet\u00ed tohoto roku 11,1 procenta, celkov\u00e1 re\u00e1ln\u00e1 mzda v Jihomoravsk\u00e9m kraji poklesla o 3 procenta.<\/p>\n<div class=\"entry-content\">\n<div class=\"code-block code-block-2\">\n<div id=\"Rectangle_650x400\">Mezi Br\u0148any vyvolalo \u010d\u00edslo 42 tis\u00edc pr\u016fm\u011brn\u00e9 mzdy na jihu Moravy v\u00fdsm\u011bch a roz\u010darov\u00e1n\u00ed. Pr\u016fm\u011brnou mzdu toti\u017e nadhodnocuj\u00ed lid\u00e9 s vysok\u00fdmi platy. Nen\u00ed jich sice moc, ale v\u00fd\u0161e jejich plat\u016f posune celkovou hodnotu ukazatele v\u00fd\u0161.<\/div>\n<\/div>\n<p>Pr\u016fm\u011brn\u00fd v\u00fdd\u011blek v cel\u00e9m \u010cesku dos\u00e1hl ve 2. \u010dtvrtlet\u00ed 43 193 korun. Pr\u016fm\u011brn\u00e1 mzda na jihu Moravy tak byla o 1281 korun n\u00ed\u017e. Nejvy\u0161\u0161\u00ed pr\u016fm\u011brn\u00e1 mzda byla i nad\u00e1le v Praze, kde dos\u00e1hla 52 833 korun. Obecn\u011b plat\u00ed, \u017ee dv\u011b t\u0159etiny pracuj\u00edc\u00edch lid\u00ed na pr\u016fm\u011brnou mzdu nedos\u00e1hnou.<\/p>\n<\/div>\n","protected":false},"excerpt":{"rendered":"<p>\u010cesk\u00fd Statistick\u00fd \u00fa\u0159ad v Brn\u011b vydal \u010d\u00edslo, kter\u00e9mu se lid\u00e9 na Ji\u017en\u00ed Morav\u011b sm\u011bj\u00ed. Pr\u016fm\u011brn\u00e1 mzda na Jihu Moravy \u010din\u00ed t\u00e9m\u011b\u0159 42 tis\u00edc korun.  To je t\u0159et\u00ed nejvy\u0161\u0161\u00ed \u010d\u00edslo v republice.<\/p>\n","protected":false},"author":4,"featured_media":10205,"comment_status":"closed","ping_status":"closed","sticky":false,"template":"","format":"standard","meta":{"_acf_changed":false,"footnotes":""},"categories":[17,23,162,157],"tags":[],"porad":[],"region":[53,51,62],"class_list":["post-10052","post","type-post","status-publish","format-standard","has-post-thumbnail","hentry","category-domaci","category-ekonomika","category-pracovni-trh","category-zpravy","region-jihomoravsky-kraj","region-praha","region-stredocesky-kraj"],"acf":[],"meta_box":{"odeslat":["nasregion"]},"_links":{"self":[{"href":"https:\/\/tv.a11.cz\/api\/wp\/v2\/posts\/10052","targetHints":{"allow":["GET"]}}],"collection":[{"href":"https:\/\/tv.a11.cz\/api\/wp\/v2\/posts"}],"about":[{"href":"https:\/\/tv.a11.cz\/api\/wp\/v2\/types\/post"}],"author":[{"embeddable":true,"href":"https:\/\/tv.a11.cz\/api\/wp\/v2\/users\/4"}],"replies":[{"embeddable":true,"href":"https:\/\/tv.a11.cz\/api\/wp\/v2\/comments?post=10052"}],"version-history":[{"count":2,"href":"https:\/\/tv.a11.cz\/api\/wp\/v2\/posts\/10052\/revisions"}],"predecessor-version":[{"id":10204,"href":"https:\/\/tv.a11.cz\/api\/wp\/v2\/posts\/10052\/revisions\/10204"}],"wp:featuredmedia":[{"embeddable":true,"href":"https:\/\/tv.a11.cz\/api\/wp\/v2\/media\/10205"}],"wp:attachment":[{"href":"https:\/\/tv.a11.cz\/api\/wp\/v2\/media?parent=10052"}],"wp:term":[{"taxonomy":"category","embeddable":true,"href":"https:\/\/tv.a11.cz\/api\/wp\/v2\/categories?post=10052"},{"taxonomy":"post_tag","embeddable":true,"href":"https:\/\/tv.a11.cz\/api\/wp\/v2\/tags?post=10052"},{"taxonomy":"porad","embeddable":true,"href":"https:\/\/tv.a11.cz\/api\/wp\/v2\/porad?post=10052"},{"taxonomy":"region","embeddable":true,"href":"https:\/\/tv.a11.cz\/api\/wp\/v2\/region?post=10052"}],"curies":[{"name":"wp","href":"https:\/\/api.w.org\/{rel}","templated":true}]}}